{"id":6379,"date":"2024-03-26T14:25:36","date_gmt":"2024-03-26T13:25:36","guid":{"rendered":"https:\/\/www.bccservices.com\/hr\/?p=6379"},"modified":"2024-03-26T14:25:36","modified_gmt":"2024-03-26T13:25:36","slug":"fujitsu-najavljuje-amd-generaciju-primergy-m2-serije-posluzitelja","status":"publish","type":"post","link":"https:\/\/www.bccservices.com\/hr\/fujitsu-najavljuje-amd-generaciju-primergy-m2-serije-posluzitelja\/","title":{"rendered":"Fujitsu najavljuje AMD generaciju PRIMERGY M2 serije poslu\u017eitelja"},"content":{"rendered":"<p><a href=\"https:\/\/www.fujitsu.com\/global\/products\/computing\/servers\/primergy\/index.html\">PRIMERGY Server : Fujitsu Global<\/a><\/p>\n<p><strong>Fujitsu najavljuje AMD generaciju PRIMERGY M2 serije poslu\u017eitelja <\/strong><\/p>\n<p>Fujitsu je lansirao PRIMERGY AMD M2 sustav, pokretan procesorima 4. generacije AMD EPYC\u2122 serije. Fujitsu PRIMERGY AMD M2 poslu\u017eitelji dizajnirani su kako bi omogu\u0107ili besprijekorni tijek rada, posebno za ra\u010dunalno intenzivne digitalne procese, osiguravaju\u0107i svakodnevni rad bez ograni\u010denja i problema.<\/p>\n<p>Idealni su kako za tradicionalna tako i za nova radna optere\u0107enja, uklju\u010duju\u0107i generativnu umjetnu inteligenciju, LLM deep-learning, virtualizirana okru\u017eenja, okru\u017eenja ra\u010dunalstva u oblaku i HPC.<\/p>\n<p>Fujitsu PRIMERGY poslu\u017eitelj RX1440 M2 pru\u017ea mono-socket performanse velikog broja CPU jezgri u kombinaciji s iznimno velikim maksimumom mogu\u0107nosti konfiguracije memorije koje sadr\u017ee procesore AMD EPYC\u2122 serije 4. generacije u faktoru oblika 1U.<\/p>\n<p>Fujitsu PRIMERGY Server RX2450 M2 pru\u017ea visoku izvedbu broja jezgri i fleksibilne mogu\u0107nosti konfiguracije s procesorima 4. generacije AMD EPYC\u2122 serije u 2U formatu.<\/p>\n","protected":false},"excerpt":{"rendered":"<p>Fujitsu je lansirao PRIMERGY AMD M2 sustav, pokretan procesorima 4. generacije AMD EPYC\u2122 serij..<\/p>\n","protected":false},"author":1,"featured_media":6415,"comment_status":"closed","ping_status":"open","sticky":false,"template":"","format":"standard","meta":{"footnotes":""},"categories":[14],"tags":[],"class_list":["post-6379","post","type-post","status-publish","format-standard","has-post-thumbnail","hentry","category-novosti"],"yoast_head":"<!-- This site is optimized with the Yoast SEO plugin v25.6 - https:\/\/yoast.com\/wordpress\/plugins\/seo\/ -->\r\n<title>Fujitsu najavljuje AMD generaciju PRIMERGY M2 serije poslu\u017eitelja - BCC Services<\/title>\r\n<meta name=\"robots\" content=\"index, follow, max-snippet:-1, max-image-preview:large, max-video-preview:-1\" \/>\r\n<link rel=\"canonical\" href=\"https:\/\/www.bccservices.com\/hr\/fujitsu-najavljuje-amd-generaciju-primergy-m2-serije-posluzitelja\/\" \/>\r\n<meta property=\"og:locale\" content=\"hr_HR\" \/>\r\n<meta property=\"og:type\" content=\"article\" \/>\r\n<meta property=\"og:title\" content=\"Fujitsu najavljuje AMD generaciju PRIMERGY M2 serije poslu\u017eitelja - BCC Services\" \/>\r\n<meta property=\"og:description\" content=\"Fujitsu je lansirao PRIMERGY AMD M2 sustav, pokretan procesorima 4. generacije AMD EPYC\u2122 serij..\" \/>\r\n<meta property=\"og:url\" content=\"https:\/\/www.bccservices.com\/hr\/fujitsu-najavljuje-amd-generaciju-primergy-m2-serije-posluzitelja\/\" \/>\r\n<meta property=\"og:site_name\" content=\"BCC Services\" \/>\r\n<meta property=\"article:publisher\" content=\"https:\/\/www.facebook.com\/BCCServiceshr\/\" \/>\r\n<meta property=\"article:published_time\" content=\"2024-03-26T13:25:36+00:00\" \/>\r\n<meta property=\"og:image\" content=\"https:\/\/mcusercontent.com\/857771a7e672659a0082837d0\/images\/daaaa616-a7ef-f8b7-8e00-85eea9e980c2.jpg\" \/><meta property=\"og:image\" content=\"https:\/\/mcusercontent.com\/857771a7e672659a0082837d0\/images\/daaaa616-a7ef-f8b7-8e00-85eea9e980c2.jpg\" \/>\r\n\t<meta property=\"og:image:width\" content=\"960\" \/>\r\n\t<meta property=\"og:image:height\" content=\"540\" \/>\r\n\t<meta property=\"og:image:type\" content=\"image\/jpeg\" \/>\r\n<meta name=\"author\" content=\"bcc-wp-admin\" \/>\r\n<meta name=\"twitter:card\" content=\"summary_large_image\" \/>\r\n<meta name=\"twitter:image\" content=\"https:\/\/mcusercontent.com\/857771a7e672659a0082837d0\/images\/daaaa616-a7ef-f8b7-8e00-85eea9e980c2.jpg\" \/>\r\n<meta name=\"twitter:label1\" content=\"Napisao\/la\" \/>\n\t<meta name=\"twitter:data1\" content=\"bcc-wp-admin\" \/>\n\t<meta name=\"twitter:label2\" content=\"Procijenjeno vrijeme \u010ditanja\" \/>\n\t<meta name=\"twitter:data2\" content=\"1 minuta\" \/>\r\n<script type=\"application\/ld+json\" class=\"yoast-schema-graph\">{\"@context\":\"https:\/\/schema.org\",\"@graph\":[{\"@type\":\"Article\",\"@id\":\"https:\/\/www.bccservices.com\/hr\/fujitsu-najavljuje-amd-generaciju-primergy-m2-serije-posluzitelja\/#article\",\"isPartOf\":{\"@id\":\"https:\/\/www.bccservices.com\/hr\/fujitsu-najavljuje-amd-generaciju-primergy-m2-serije-posluzitelja\/\"},\"author\":{\"name\":\"bcc-wp-admin\",\"@id\":\"https:\/\/www.bccservices.com\/hr\/#\/schema\/person\/c653ec0894e06b5799808fbe85bebdd9\"},\"headline\":\"Fujitsu najavljuje AMD generaciju PRIMERGY M2 serije poslu\u017eitelja\",\"datePublished\":\"2024-03-26T13:25:36+00:00\",\"mainEntityOfPage\":{\"@id\":\"https:\/\/www.bccservices.com\/hr\/fujitsu-najavljuje-amd-generaciju-primergy-m2-serije-posluzitelja\/\"},\"wordCount\":145,\"publisher\":{\"@id\":\"https:\/\/www.bccservices.com\/hr\/#organization\"},\"image\":{\"@id\":\"https:\/\/www.bccservices.com\/hr\/fujitsu-najavljuje-amd-generaciju-primergy-m2-serije-posluzitelja\/#primaryimage\"},\"thumbnailUrl\":\"https:\/\/i2.wp.com\/mcusercontent.com\/857771a7e672659a0082837d0\/images\/daaaa616-a7ef-f8b7-8e00-85eea9e980c2.jpg?w=960&resize=960,540&ssl=1\",\"articleSection\":[\"Novosti\"],\"inLanguage\":\"hr\"},{\"@type\":\"WebPage\",\"@id\":\"https:\/\/www.bccservices.com\/hr\/fujitsu-najavljuje-amd-generaciju-primergy-m2-serije-posluzitelja\/\",\"url\":\"https:\/\/www.bccservices.com\/hr\/fujitsu-najavljuje-amd-generaciju-primergy-m2-serije-posluzitelja\/\",\"name\":\"Fujitsu najavljuje AMD generaciju PRIMERGY M2 serije poslu\u017eitelja - BCC Services\",\"isPartOf\":{\"@id\":\"https:\/\/www.bccservices.com\/hr\/#website\"},\"primaryImageOfPage\":{\"@id\":\"https:\/\/www.bccservices.com\/hr\/fujitsu-najavljuje-amd-generaciju-primergy-m2-serije-posluzitelja\/#primaryimage\"},\"image\":{\"@id\":\"https:\/\/www.bccservices.com\/hr\/fujitsu-najavljuje-amd-generaciju-primergy-m2-serije-posluzitelja\/#primaryimage\"},\"thumbnailUrl\":\"https:\/\/i2.wp.com\/mcusercontent.com\/857771a7e672659a0082837d0\/images\/daaaa616-a7ef-f8b7-8e00-85eea9e980c2.jpg?w=960&resize=960,540&ssl=1\",\"datePublished\":\"2024-03-26T13:25:36+00:00\",\"breadcrumb\":{\"@id\":\"https:\/\/www.bccservices.com\/hr\/fujitsu-najavljuje-amd-generaciju-primergy-m2-serije-posluzitelja\/#breadcrumb\"},\"inLanguage\":\"hr\",\"potentialAction\":[{\"@type\":\"ReadAction\",\"target\":[\"https:\/\/www.bccservices.com\/hr\/fujitsu-najavljuje-amd-generaciju-primergy-m2-serije-posluzitelja\/\"]}]},{\"@type\":\"ImageObject\",\"inLanguage\":\"hr\",\"@id\":\"https:\/\/www.bccservices.com\/hr\/fujitsu-najavljuje-amd-generaciju-primergy-m2-serije-posluzitelja\/#primaryimage\",\"url\":\"https:\/\/i2.wp.com\/mcusercontent.com\/857771a7e672659a0082837d0\/images\/daaaa616-a7ef-f8b7-8e00-85eea9e980c2.jpg?w=960&resize=960,540&ssl=1\",\"contentUrl\":\"https:\/\/i2.wp.com\/mcusercontent.com\/857771a7e672659a0082837d0\/images\/daaaa616-a7ef-f8b7-8e00-85eea9e980c2.jpg?w=960&resize=960,540&ssl=1\",\"width\":\"960\",\"height\":\"540\"},{\"@type\":\"BreadcrumbList\",\"@id\":\"https:\/\/www.bccservices.com\/hr\/fujitsu-najavljuje-amd-generaciju-primergy-m2-serije-posluzitelja\/#breadcrumb\",\"itemListElement\":[{\"@type\":\"ListItem\",\"position\":1,\"name\":\"Home\",\"item\":\"https:\/\/www.bccservices.com\/hr\/\"},{\"@type\":\"ListItem\",\"position\":2,\"name\":\"Fujitsu najavljuje AMD generaciju PRIMERGY M2 serije poslu\u017eitelja\"}]},{\"@type\":\"WebSite\",\"@id\":\"https:\/\/www.bccservices.com\/hr\/#website\",\"url\":\"https:\/\/www.bccservices.com\/hr\/\",\"name\":\"BCC Services\",\"description\":\"\",\"publisher\":{\"@id\":\"https:\/\/www.bccservices.com\/hr\/#organization\"},\"potentialAction\":[{\"@type\":\"SearchAction\",\"target\":{\"@type\":\"EntryPoint\",\"urlTemplate\":\"https:\/\/www.bccservices.com\/hr\/?s={search_term_string}\"},\"query-input\":{\"@type\":\"PropertyValueSpecification\",\"valueRequired\":true,\"valueName\":\"search_term_string\"}}],\"inLanguage\":\"hr\"},{\"@type\":\"Organization\",\"@id\":\"https:\/\/www.bccservices.com\/hr\/#organization\",\"name\":\"BCC Services\",\"url\":\"https:\/\/www.bccservices.com\/hr\/\",\"logo\":{\"@type\":\"ImageObject\",\"inLanguage\":\"hr\",\"@id\":\"https:\/\/www.bccservices.com\/hr\/#\/schema\/logo\/image\/\",\"url\":\"http:\/\/172.19.41.139\/hr\/wp-content\/uploads\/2022\/05\/BCC-Services_square-01.png\",\"contentUrl\":\"http:\/\/172.19.41.139\/hr\/wp-content\/uploads\/2022\/05\/BCC-Services_square-01.png\",\"width\":354,\"height\":354,\"caption\":\"BCC Services\"},\"image\":{\"@id\":\"https:\/\/www.bccservices.com\/hr\/#\/schema\/logo\/image\/\"},\"sameAs\":[\"https:\/\/www.facebook.com\/BCCServiceshr\/\"]},{\"@type\":\"Person\",\"@id\":\"https:\/\/www.bccservices.com\/hr\/#\/schema\/person\/c653ec0894e06b5799808fbe85bebdd9\",\"name\":\"bcc-wp-admin\",\"image\":{\"@type\":\"ImageObject\",\"inLanguage\":\"hr\",\"@id\":\"https:\/\/www.bccservices.com\/hr\/#\/schema\/person\/image\/\",\"url\":\"https:\/\/secure.gravatar.com\/avatar\/373e0b55edc583c5c99e8b0d65d29cb1?s=96&d=mm&r=g\",\"contentUrl\":\"https:\/\/secure.gravatar.com\/avatar\/373e0b55edc583c5c99e8b0d65d29cb1?s=96&d=mm&r=g\",\"caption\":\"bcc-wp-admin\"},\"sameAs\":[\"http:\/\/172.19.41.139\/hr\"],\"url\":\"https:\/\/www.bccservices.com\/hr\/author\/bcc-wp-admin\/\"}]}<\/script>\r\n<!-- \/ Yoast SEO plugin. -->","yoast_head_json":{"title":"Fujitsu najavljuje AMD generaciju PRIMERGY M2 serije poslu\u017eitelja - BCC Services","robots":{"index":"index","follow":"follow","max-snippet":"max-snippet:-1","max-image-preview":"max-image-preview:large","max-video-preview":"max-video-preview:-1"},"canonical":"https:\/\/www.bccservices.com\/hr\/fujitsu-najavljuje-amd-generaciju-primergy-m2-serije-posluzitelja\/","og_locale":"hr_HR","og_type":"article","og_title":"Fujitsu najavljuje AMD generaciju PRIMERGY M2 serije poslu\u017eitelja - BCC Services","og_description":"Fujitsu je lansirao PRIMERGY AMD M2 sustav, pokretan procesorima 4. generacije AMD EPYC\u2122 serij..","og_url":"https:\/\/www.bccservices.com\/hr\/fujitsu-najavljuje-amd-generaciju-primergy-m2-serije-posluzitelja\/","og_site_name":"BCC Services","article_publisher":"https:\/\/www.facebook.com\/BCCServiceshr\/","article_published_time":"2024-03-26T13:25:36+00:00","og_image":[{"url":"https:\/\/mcusercontent.com\/857771a7e672659a0082837d0\/images\/daaaa616-a7ef-f8b7-8e00-85eea9e980c2.jpg","type":"","width":"","height":""},{"width":960,"height":540,"url":"https:\/\/mcusercontent.com\/857771a7e672659a0082837d0\/images\/daaaa616-a7ef-f8b7-8e00-85eea9e980c2.jpg","type":"image\/jpeg"}],"author":"bcc-wp-admin","twitter_card":"summary_large_image","twitter_image":"https:\/\/mcusercontent.com\/857771a7e672659a0082837d0\/images\/daaaa616-a7ef-f8b7-8e00-85eea9e980c2.jpg","twitter_misc":{"Napisao\/la":"bcc-wp-admin","Procijenjeno vrijeme \u010ditanja":"1 minuta"},"schema":{"@context":"https:\/\/schema.org","@graph":[{"@type":"Article","@id":"https:\/\/www.bccservices.com\/hr\/fujitsu-najavljuje-amd-generaciju-primergy-m2-serije-posluzitelja\/#article","isPartOf":{"@id":"https:\/\/www.bccservices.com\/hr\/fujitsu-najavljuje-amd-generaciju-primergy-m2-serije-posluzitelja\/"},"author":{"name":"bcc-wp-admin","@id":"https:\/\/www.bccservices.com\/hr\/#\/schema\/person\/c653ec0894e06b5799808fbe85bebdd9"},"headline":"Fujitsu najavljuje AMD generaciju PRIMERGY M2 serije poslu\u017eitelja","datePublished":"2024-03-26T13:25:36+00:00","mainEntityOfPage":{"@id":"https:\/\/www.bccservices.com\/hr\/fujitsu-najavljuje-amd-generaciju-primergy-m2-serije-posluzitelja\/"},"wordCount":145,"publisher":{"@id":"https:\/\/www.bccservices.com\/hr\/#organization"},"image":{"@id":"https:\/\/www.bccservices.com\/hr\/fujitsu-najavljuje-amd-generaciju-primergy-m2-serije-posluzitelja\/#primaryimage"},"thumbnailUrl":"https:\/\/i2.wp.com\/mcusercontent.com\/857771a7e672659a0082837d0\/images\/daaaa616-a7ef-f8b7-8e00-85eea9e980c2.jpg?w=960&resize=960,540&ssl=1","articleSection":["Novosti"],"inLanguage":"hr"},{"@type":"WebPage","@id":"https:\/\/www.bccservices.com\/hr\/fujitsu-najavljuje-amd-generaciju-primergy-m2-serije-posluzitelja\/","url":"https:\/\/www.bccservices.com\/hr\/fujitsu-najavljuje-amd-generaciju-primergy-m2-serije-posluzitelja\/","name":"Fujitsu najavljuje AMD generaciju PRIMERGY M2 serije poslu\u017eitelja - BCC Services","isPartOf":{"@id":"https:\/\/www.bccservices.com\/hr\/#website"},"primaryImageOfPage":{"@id":"https:\/\/www.bccservices.com\/hr\/fujitsu-najavljuje-amd-generaciju-primergy-m2-serije-posluzitelja\/#primaryimage"},"image":{"@id":"https:\/\/www.bccservices.com\/hr\/fujitsu-najavljuje-amd-generaciju-primergy-m2-serije-posluzitelja\/#primaryimage"},"thumbnailUrl":"https:\/\/i2.wp.com\/mcusercontent.com\/857771a7e672659a0082837d0\/images\/daaaa616-a7ef-f8b7-8e00-85eea9e980c2.jpg?w=960&resize=960,540&ssl=1","datePublished":"2024-03-26T13:25:36+00:00","breadcrumb":{"@id":"https:\/\/www.bccservices.com\/hr\/fujitsu-najavljuje-amd-generaciju-primergy-m2-serije-posluzitelja\/#breadcrumb"},"inLanguage":"hr","potentialAction":[{"@type":"ReadAction","target":["https:\/\/www.bccservices.com\/hr\/fujitsu-najavljuje-amd-generaciju-primergy-m2-serije-posluzitelja\/"]}]},{"@type":"ImageObject","inLanguage":"hr","@id":"https:\/\/www.bccservices.com\/hr\/fujitsu-najavljuje-amd-generaciju-primergy-m2-serije-posluzitelja\/#primaryimage","url":"https:\/\/i2.wp.com\/mcusercontent.com\/857771a7e672659a0082837d0\/images\/daaaa616-a7ef-f8b7-8e00-85eea9e980c2.jpg?w=960&resize=960,540&ssl=1","contentUrl":"https:\/\/i2.wp.com\/mcusercontent.com\/857771a7e672659a0082837d0\/images\/daaaa616-a7ef-f8b7-8e00-85eea9e980c2.jpg?w=960&resize=960,540&ssl=1","width":"960","height":"540"},{"@type":"BreadcrumbList","@id":"https:\/\/www.bccservices.com\/hr\/fujitsu-najavljuje-amd-generaciju-primergy-m2-serije-posluzitelja\/#breadcrumb","itemListElement":[{"@type":"ListItem","position":1,"name":"Home","item":"https:\/\/www.bccservices.com\/hr\/"},{"@type":"ListItem","position":2,"name":"Fujitsu najavljuje AMD generaciju PRIMERGY M2 serije poslu\u017eitelja"}]},{"@type":"WebSite","@id":"https:\/\/www.bccservices.com\/hr\/#website","url":"https:\/\/www.bccservices.com\/hr\/","name":"BCC Services","description":"","publisher":{"@id":"https:\/\/www.bccservices.com\/hr\/#organization"},"potentialAction":[{"@type":"SearchAction","target":{"@type":"EntryPoint","urlTemplate":"https:\/\/www.bccservices.com\/hr\/?s={search_term_string}"},"query-input":{"@type":"PropertyValueSpecification","valueRequired":true,"valueName":"search_term_string"}}],"inLanguage":"hr"},{"@type":"Organization","@id":"https:\/\/www.bccservices.com\/hr\/#organization","name":"BCC Services","url":"https:\/\/www.bccservices.com\/hr\/","logo":{"@type":"ImageObject","inLanguage":"hr","@id":"https:\/\/www.bccservices.com\/hr\/#\/schema\/logo\/image\/","url":"http:\/\/172.19.41.139\/hr\/wp-content\/uploads\/2022\/05\/BCC-Services_square-01.png","contentUrl":"http:\/\/172.19.41.139\/hr\/wp-content\/uploads\/2022\/05\/BCC-Services_square-01.png","width":354,"height":354,"caption":"BCC Services"},"image":{"@id":"https:\/\/www.bccservices.com\/hr\/#\/schema\/logo\/image\/"},"sameAs":["https:\/\/www.facebook.com\/BCCServiceshr\/"]},{"@type":"Person","@id":"https:\/\/www.bccservices.com\/hr\/#\/schema\/person\/c653ec0894e06b5799808fbe85bebdd9","name":"bcc-wp-admin","image":{"@type":"ImageObject","inLanguage":"hr","@id":"https:\/\/www.bccservices.com\/hr\/#\/schema\/person\/image\/","url":"https:\/\/secure.gravatar.com\/avatar\/373e0b55edc583c5c99e8b0d65d29cb1?s=96&d=mm&r=g","contentUrl":"https:\/\/secure.gravatar.com\/avatar\/373e0b55edc583c5c99e8b0d65d29cb1?s=96&d=mm&r=g","caption":"bcc-wp-admin"},"sameAs":["http:\/\/172.19.41.139\/hr"],"url":"https:\/\/www.bccservices.com\/hr\/author\/bcc-wp-admin\/"}]}},"_links":{"self":[{"href":"https:\/\/www.bccservices.com\/hr\/wp-json\/wp\/v2\/posts\/6379"}],"collection":[{"href":"https:\/\/www.bccservices.com\/hr\/wp-json\/wp\/v2\/posts"}],"about":[{"href":"https:\/\/www.bccservices.com\/hr\/wp-json\/wp\/v2\/types\/post"}],"author":[{"embeddable":true,"href":"https:\/\/www.bccservices.com\/hr\/wp-json\/wp\/v2\/users\/1"}],"replies":[{"embeddable":true,"href":"https:\/\/www.bccservices.com\/hr\/wp-json\/wp\/v2\/comments?post=6379"}],"version-history":[{"count":1,"href":"https:\/\/www.bccservices.com\/hr\/wp-json\/wp\/v2\/posts\/6379\/revisions"}],"predecessor-version":[{"id":6380,"href":"https:\/\/www.bccservices.com\/hr\/wp-json\/wp\/v2\/posts\/6379\/revisions\/6380"}],"wp:featuredmedia":[{"embeddable":true,"href":"https:\/\/www.bccservices.com\/hr\/wp-json\/wp\/v2\/media\/6415"}],"wp:attachment":[{"href":"https:\/\/www.bccservices.com\/hr\/wp-json\/wp\/v2\/media?parent=6379"}],"wp:term":[{"taxonomy":"category","embeddable":true,"href":"https:\/\/www.bccservices.com\/hr\/wp-json\/wp\/v2\/categories?post=6379"},{"taxonomy":"post_tag","embeddable":true,"href":"https:\/\/www.bccservices.com\/hr\/wp-json\/wp\/v2\/tags?post=6379"}],"curies":[{"name":"wp","href":"https:\/\/api.w.org\/{rel}","templated":true}]}}